[{"@context":"https:\/\/schema.org\/","@type":"Article","@id":"https:\/\/www.intkos.cz\/jake-saty-vam-budou-sluset\/#Article","mainEntityOfPage":"https:\/\/www.intkos.cz\/jake-saty-vam-budou-sluset\/","headline":"Jak\u00e9 \u0161aty v\u00e1m budou slu\u0161et?","name":"Jak\u00e9 \u0161aty v\u00e1m budou slu\u0161et?","description":"\u0160at\u016f je cel\u00e1 \u0159ada a navz\u00e1jem se od sebe li\u0161\u00ed nejen barvou \u2013 v sou\u010dasn\u00e9 dob\u011b jsou nejobl\u00edben\u011bj\u0161\u00ed p\u0159edev\u0161\u00edm riflov\u00e9 a ho\u0159\u010dicov\u00e9 \u0161aty. Nicm\u00e9n\u011b barva nen\u00ed to nejhlavn\u011bj\u0161\u00ed, \u010deho byste si m\u011bli p\u0159i v\u00fdb\u011bru v\u0161\u00edmat. Dokonce to nen\u00ed ani materi\u00e1l \u2013 sice je pravda, \u017ee materi\u00e1l je velmi d\u016fle\u017eit\u00fd, nicm\u00e9n\u011b nen\u00ed to hlavn\u00ed, co ur\u010duje, [&hellip;]","datePublished":"2021-03-16","dateModified":"2023-05-05","author":{"@type":"Person","@id":"https:\/\/www.intkos.cz\/author\/#Person","name":"","url":"https:\/\/www.intkos.cz\/author\/","identifier":1,"image":{"@type":"ImageObject","@id":"https:\/\/secure.gravatar.com\/avatar\/d693d76da4b3c2905ed32515295d3c5b2b37600a891f276917d3d592948bcc60?s=96&d=mm&r=g","url":"https:\/\/secure.gravatar.com\/avatar\/d693d76da4b3c2905ed32515295d3c5b2b37600a891f276917d3d592948bcc60?s=96&d=mm&r=g","height":96,"width":96}},"publisher":{"@type":"Organization","name":"intkos.cz","logo":{"@type":"ImageObject","@id":"\/logo.png","url":"\/logo.png","width":600,"height":60}},"image":{"@type":"ImageObject","@id":"https:\/\/www.intkos.cz\/wp-content\/uploads\/dress-864107_1920.jpg","url":"https:\/\/www.intkos.cz\/wp-content\/uploads\/dress-864107_1920.jpg","height":0,"width":0},"url":"https:\/\/www.intkos.cz\/jake-saty-vam-budou-sluset\/","about":["N\u00e1kupy"],"wordCount":422,"articleBody":"      \u0160at\u016f je cel\u00e1 \u0159ada a navz\u00e1jem se od sebe li\u0161\u00ed nejen barvou \u2013 v sou\u010dasn\u00e9 dob\u011b jsou nejobl\u00edben\u011bj\u0161\u00ed p\u0159edev\u0161\u00edm riflov\u00e9 a ho\u0159\u010dicov\u00e9 \u0161aty. Nicm\u00e9n\u011b barva nen\u00ed to nejhlavn\u011bj\u0161\u00ed, \u010deho byste si m\u011bli p\u0159i v\u00fdb\u011bru v\u0161\u00edmat. Dokonce to nen\u00ed ani materi\u00e1l \u2013 sice je pravda, \u017ee materi\u00e1l je velmi d\u016fle\u017eit\u00fd, nicm\u00e9n\u011b nen\u00ed to hlavn\u00ed, co ur\u010duje, zda v\u00e1m dan\u00e9 \u0161aty budou slu\u0161et, nebo ne. Pt\u00e1te se tedy, co to je? No p\u0159eci st\u0159ih!Ne ka\u017ed\u00fd st\u0159ih je slu\u0161iv\u00fd na v\u0161ech postav\u00e1ch. Spole\u010dn\u011b si tak projdeme ty nejz\u00e1kladn\u011bj\u0161\u00ed a nejroz\u0161\u00ed\u0159en\u011bj\u0161\u00ed st\u0159ihy a \u0159ekneme si, jak\u00fdm tip\u016fm postav slu\u0161\u00ed nejv\u00edce.Prvn\u00edm \u2013 a to asi nejroz\u0161\u00ed\u0159en\u011bj\u0161\u00edm st\u0159ihem, je klasick\u00e1 roz\u0161i\u0159uj\u00edc\u00ed se sukn\u011b. Tento st\u0159i je typick\u00fd t\u00edm, \u017ee vr\u0161ek \u0161at\u016f je upnut\u00fd a zv\u00fdraz\u0148uje hezk\u00e1 prsa a \u00fazk\u00e1 ramena. Pod prsy se \u0161aty zu\u017euj\u00ed a nast\u00e1v\u00e1 voln\u00e1 sukn\u011b. D\u00edky tomuto st\u0159ihu jde snadno zamaskovat v\u011bt\u0161\u00ed b\u0159\u00ed\u0161ko i zade\u010dek. D\u00edky tomu zv\u00fdrazn\u00edte svoje kladn\u00e9 str\u00e1nky a zamaskujete men\u0161\u00ed nedostatky.Oproti tomu stoj\u00ed druh\u00fd velmi obl\u00edben\u00fd st\u0159ih \u2013 upnut\u00e9. Tento st\u0159ih je charakteristick\u00fd t\u00edm, \u017ee p\u0159esn\u011b obep\u00edn\u00e1 celou postavu \u2013 od prs, p\u0159es b\u0159icho a\u017e po zadek. Tento st\u0159ih si tak mohou dovolit opravdu jen ty nejhuben\u011bj\u0161\u00ed \u017eeny s bezchybnou postavou a dlouh\u00fdma nohama. Ostatn\u00edm \u017eeny maj\u00ed bohu\u017eel sm\u016flu. Nicm\u00e9n\u011b pokud pat\u0159\u00edte do hrstky vyvolen\u00fdch a m\u016f\u017eete si dovolit nosit i takov\u00e9to oble\u010den\u00ed, v\u011b\u0159te, \u017ee se za v\u00e1mi oto\u010d\u00ed \u00fapln\u011b ka\u017ed\u00fd mu\u017e!Posledn\u00ed mo\u017enost\u00ed jsou voln\u00e9 \u0161aty. Tyto \u0161aty \u010dasto sv\u00fdm st\u0159ihem p\u0159ipom\u00ednaj\u00ed no\u010dn\u00ed ko\u0161ile. Jsou typick\u00e9 t\u00edm, \u017ee jsou volen\u00e9 a velmi pohodln\u00e9. V\u00fdborn\u011b se tak hod\u00ed nejen na no\u0161en\u00ed do pr\u00e1ce, ale i do p\u0159\u00edrody nebo na rodinn\u00e9 n\u00e1v\u0161t\u011bvy. Tento st\u0159ih slu\u0161\u00ed opravdu ka\u017ed\u00e9mu \u2013 a to bez rozd\u00edlu v\u00fd\u0161ky, hmotnosti, nebo tvaru postavy. No nezn\u00ed to prost\u011b v\u00fdborn\u011b?Nicm\u00e9n\u011b ka\u017ed\u00fd st\u0159ih m\u00e1 n\u011bco do sebe. Myslete tak v\u017edy na to, abyste se v \u0161atech c\u00edtila pohodln\u011b. Na ni\u010dem jin\u00e9m v podstat\u011b nez\u00e1le\u017e\u00ed.                                                                                                                                                                                                                                                                                                                                                                                          3.9\/5 - (7 votes)        "},{"@context":"https:\/\/schema.org\/","@type":"BreadcrumbList","itemListElement":[{"@type":"ListItem","position":1,"name":"Jak\u00e9 \u0161aty v\u00e1m budou slu\u0161et?","item":"https:\/\/www.intkos.cz\/jake-saty-vam-budou-sluset\/#breadcrumbitem"}]}]