[{"@context":"https:\/\/schema.org\/","@type":"Article","@id":"https:\/\/www.intkos.cz\/trh-prace-je-ve-skvele-kondici\/#Article","mainEntityOfPage":"https:\/\/www.intkos.cz\/trh-prace-je-ve-skvele-kondici\/","headline":"Trh pr\u00e1ce je ve skv\u011bl\u00e9 kondici","name":"Trh pr\u00e1ce je ve skv\u011bl\u00e9 kondici","description":"Na postaven\u00ed na\u0161eho mali\u010dk\u00e9ho st\u00e1tu v\u00a0r\u00e1mci velk\u00e9ho spole\u010denstv\u00ed zvan\u00e9ho Evropsk\u00e1 Unie existuje n\u011bkolik r\u016fznorod\u00fdch pohled\u016f, kter\u00e9 se v\u00a0mnoha ohledech rozch\u00e1zej\u00ed. N\u011bkdo EU miluje, jin\u00fd na n\u00ed nem\u00e1 n\u00e1zor, a n\u011bkomu m\u016f\u017ee p\u0159ij\u00edt jako dikt\u00e1tor, kter\u00fd \u0159\u00edk\u00e1, jak to bude d\u00e1l. Ka\u017ed\u00fd m\u00e1me na sv\u016fj n\u00e1zor pr\u00e1vo, panuje u n\u00e1s p\u0159eci demokracie! A\u0165 u\u017e je tedy [&hellip;]","datePublished":"2020-01-08","dateModified":"2023-05-05","author":{"@type":"Person","@id":"https:\/\/www.intkos.cz\/author\/#Person","name":"","url":"https:\/\/www.intkos.cz\/author\/","identifier":1,"image":{"@type":"ImageObject","@id":"https:\/\/secure.gravatar.com\/avatar\/d693d76da4b3c2905ed32515295d3c5b2b37600a891f276917d3d592948bcc60?s=96&d=mm&r=g","url":"https:\/\/secure.gravatar.com\/avatar\/d693d76da4b3c2905ed32515295d3c5b2b37600a891f276917d3d592948bcc60?s=96&d=mm&r=g","height":96,"width":96}},"publisher":{"@type":"Organization","name":"intkos.cz","logo":{"@type":"ImageObject","@id":"\/logo.png","url":"\/logo.png","width":600,"height":60}},"image":{"@type":"ImageObject","@id":"https:\/\/www.intkos.cz\/wp-content\/uploads\/img_a349932_w2575_t1564899107.jpg","url":"https:\/\/www.intkos.cz\/wp-content\/uploads\/img_a349932_w2575_t1564899107.jpg","height":0,"width":0},"url":"https:\/\/www.intkos.cz\/trh-prace-je-ve-skvele-kondici\/","about":["Www"],"wordCount":431,"articleBody":"Na postaven\u00ed na\u0161eho mali\u010dk\u00e9ho st\u00e1tu v\u00a0r\u00e1mci velk\u00e9ho spole\u010denstv\u00ed zvan\u00e9ho Evropsk\u00e1 Unie existuje n\u011bkolik r\u016fznorod\u00fdch pohled\u016f, kter\u00e9 se v\u00a0mnoha ohledech rozch\u00e1zej\u00ed. N\u011bkdo EU miluje, jin\u00fd na n\u00ed nem\u00e1 n\u00e1zor, a n\u011bkomu m\u016f\u017ee p\u0159ij\u00edt jako dikt\u00e1tor, kter\u00fd \u0159\u00edk\u00e1, jak to bude d\u00e1l. Ka\u017ed\u00fd m\u00e1me na sv\u016fj n\u00e1zor pr\u00e1vo, panuje u n\u00e1s p\u0159eci demokracie!A\u0165 u\u017e je tedy v\u0161e sm\u00fd\u0161len\u00ed o t\u00e9to spole\u010dnosti jak\u00fdkoliv, mysl\u00edm si, \u017ee se v\u0161ichni shodneme na tom, \u017ee co se t\u00fd\u010de trhu pr\u00e1ce a zam\u011bstnanosti, tak spolu se vstupem a setrv\u00e1v\u00e1n\u00edm v\u00a0t\u00e9to spole\u010dnosti do\u0161lo ke zlep\u0161en\u00ed na\u0161\u00ed situace. D\u00edky tomu, \u017ee jsme \u010dlenem tohoto diskutabiln\u00edho spole\u010denstv\u00ed, m\u016f\u017eeme pob\u00edrat v\u00fdhody, kter\u00e9 p\u0159in\u00e1\u0161\u00ed. D\u00e1 se tak tedy \u0159\u00edci, \u017ee i d\u00edky vlivu a zejm\u00e9na existenci Unie jsem dnes zem\u00ed, kde neust\u00e1le kles\u00e1 m\u00edra nezam\u011bstnanosti.Mo\u017en\u00e1 to bude tak\u00e9 t\u00edm, \u017ee neust\u00e1le p\u0159ib\u00fdv\u00e1 v\u00a0na\u0161\u00ed republice ob\u010dan\u016f n\u00e1rodnostn\u00edch a etnick\u00fdch men\u0161in, kte\u0159\u00ed kolikr\u00e1t zastanou pr\u00e1ci, o kterou by na\u0161i vlastenci nem\u011bli absolutn\u011b z\u00e1jem. U na\u0161eho n\u00e1roda je probl\u00e9mem skute\u010dnost, \u017ee \u010d\u00edm v\u00edce lid\u00e9 pen\u011bz maj\u00ed, t\u00edm v\u00edce jich cht\u011bj\u00ed, a tak tedy nejsou ochotni v\u00a0r\u00e1mci dne\u0161n\u00ed doby pracovat za 90 K\u010d\/h. A pokud do t\u00e9to situace p\u0159ijde n\u011bkdo, kdo nen\u00ed t\u00edmto typick\u00fdm \u010cechem, tak mu v\u0161e hraje do karet.Ka\u017edop\u00e1dn\u011b pokud se pod\u00edv\u00e1me na nezam\u011bstnanost celkov\u011b z\u00a0pohledu Evropsk\u00e9 unie, dojdeme k\u00a0z\u00e1v\u011bru, \u017ee \u010cesko vykazuje nejni\u017e\u0161\u00ed m\u00edru nezam\u011bstnanosti. V\u00a0z\u00e1v\u011bsu za n\u00e1mi jsou kup\u0159\u00edkladu N\u011bmecko, Ma\u010farsko \u010di Malta. Na opa\u010dn\u00e9 stran\u011b b\u0159ehu se v\u0161ak nach\u00e1z\u00ed st\u00e1ty jako \u0158ecko, Portugalsko \u010di Chorvatsko.Spole\u010dn\u011b s\u00a0poklesem celkov\u00e9 nezam\u011bstnanosti doch\u00e1z\u00ed tak\u00e9 k\u00a0poklesu nezam\u011bstnanosti u mlad\u00fdch lid\u00ed, a to p\u0159esn\u011b do v\u011bku 25 let. M\u016f\u017eeme tedy vid\u011bt, \u017ee v\u00a0dne\u0161n\u00ed dob\u011b z\u00e1jem o zam\u011bstn\u00e1n\u00ed a vlastn\u00ed u\u017eiven\u00ed se stoup\u00e1, a z\u0159ejm\u011b na to m\u00e1 jist\u00fd vliv tak\u00e9 fakt, \u017ee potomci vyl\u00e9t\u00e1vaj\u00ed ze sv\u00fdch rodin daleko d\u0159\u00edve, ne\u017e jak tomu bylo v\u00a0minulosti.                                                                                                                                                                                                                                                                                                                                                                                        4.2\/5 - (12 votes)        "},{"@context":"https:\/\/schema.org\/","@type":"BreadcrumbList","itemListElement":[{"@type":"ListItem","position":1,"name":"Trh pr\u00e1ce je ve skv\u011bl\u00e9 kondici","item":"https:\/\/www.intkos.cz\/trh-prace-je-ve-skvele-kondici\/#breadcrumbitem"}]}]