[{"@context":"https:\/\/schema.org\/","@type":"Article","@id":"https:\/\/www.intkos.cz\/zadna-kola-a-pratele\/#Article","mainEntityOfPage":"https:\/\/www.intkos.cz\/zadna-kola-a-pratele\/","headline":"\u017d\u00e1dn\u00e1 kola a p\u0159\u00e1tel\u00e9","name":"\u017d\u00e1dn\u00e1 kola a p\u0159\u00e1tel\u00e9","description":"Tak jestli si v\u00e1\u0161 man\u017eel mysl\u00ed, \u017ee letos v\u00e1s op\u011bt v\u00a0l\u00e9t\u011b na m\u00edsto k\u00a0mo\u0159i vyt\u00e1hne na n\u011bjakou svou honi\u010dku na kolech spole\u010dn\u011b s\u00a0jeho p\u0159\u00e1teli, tak to se tedy hluboce m\u00fdl\u00ed a m\u016f\u017ee na to na m\u00edst\u011b zapomenout. U\u017e jste to absolvovala n\u011bkolikr\u00e1t a bohat\u011b v\u00e1m to na n\u011bkolik let a mo\u017en\u00e1 klidn\u011b i nav\u017edy sta\u010dilo. [&hellip;]","datePublished":"2024-02-03","dateModified":"2024-02-03","author":{"@type":"Person","@id":"https:\/\/www.intkos.cz\/author\/#Person","name":"","url":"https:\/\/www.intkos.cz\/author\/","identifier":1,"image":{"@type":"ImageObject","@id":"https:\/\/secure.gravatar.com\/avatar\/d693d76da4b3c2905ed32515295d3c5b2b37600a891f276917d3d592948bcc60?s=96&d=mm&r=g","url":"https:\/\/secure.gravatar.com\/avatar\/d693d76da4b3c2905ed32515295d3c5b2b37600a891f276917d3d592948bcc60?s=96&d=mm&r=g","height":96,"width":96}},"publisher":{"@type":"Organization","name":"intkos.cz","logo":{"@type":"ImageObject","@id":"\/logo.png","url":"\/logo.png","width":600,"height":60}},"url":"https:\/\/www.intkos.cz\/zadna-kola-a-pratele\/","wordCount":264,"articleBody":"\tTak jestli si v\u00e1\u0161 man\u017eel mysl\u00ed, \u017ee letos v\u00e1s op\u011bt v\u00a0l\u00e9t\u011b na m\u00edsto k\u00a0mo\u0159i vyt\u00e1hne na n\u011bjakou svou honi\u010dku na kolech spole\u010dn\u011b s\u00a0jeho p\u0159\u00e1teli, tak to se tedy hluboce m\u00fdl\u00ed a m\u016f\u017ee na to na m\u00edst\u011b zapomenout. U\u017e jste to absolvovala n\u011bkolikr\u00e1t a bohat\u011b v\u00e1m to na n\u011bkolik let a mo\u017en\u00e1 klidn\u011b i nav\u017edy sta\u010dilo. Tentokr\u00e1t dovolenou vyberete vy a nechcete sly\u0161et nic o tom, \u017ee kdy\u017e jste si koupili nov\u00e9 cyklistick\u00e9 dresy, tak \u017ee je mus\u00edte po\u0159\u00e1dn\u011b vyu\u017e\u00edt. Klidn\u011b a\u0165 si sv\u00e9 cyklistick\u00e9 vybaven\u00ed vyu\u017e\u00edv\u00e1 v\u00a0pr\u016fb\u011bhu roku, na dovolenou se polet\u00ed letadlem a bude to k\u00a0mo\u0159i.\tPolet\u00edte k mo\u0159iU\u017e jste si sehnala n\u011bjak\u00e9 ti\u0161t\u011bn\u00e9 katalogy p\u0159edn\u00edch \u010desk\u00fdch cestovn\u00edch kancel\u00e1\u0159\u00ed a nem\u016f\u017eete se do\u010dkat, a\u017e si ve\u010der uva\u0159\u00edte k\u00e1vu a za\u010dnete v\u00a0nich listovat. A vezmete to d\u016fkladn\u011b, nebo\u0165 na takovou dovolenou na pl\u00e1\u017ei u tepl\u00e9ho mo\u0159e se u\u017e t\u011b\u0161\u00edte p\u011bkn\u011b dlouho. V\u017edy\u0165 mo\u0159e u\u017e jste nevid\u011bla, ani nepamatujete. A pokud si v\u00e1\u0161 mu\u017e mysl\u00ed, \u017ee v\u00e1s ukonej\u0161\u00ed nab\u00eddkou vyrazit si na kole n\u011bkam po pob\u0159e\u017e\u00ed, tak to si m\u016f\u017ee rovnou trhnout nohou. Balt u\u017e jste s\u00a0n\u00edm jednou obj\u00ed\u017ed\u011bla, a tak moc dob\u0159e v\u00edte, \u017ee se v\u00a0n\u011bm koupat ned\u00e1.                                                                                                                                                                                                                                                                                                                                                                                        4.1\/5 - (15 votes)        "},{"@context":"https:\/\/schema.org\/","@type":"BreadcrumbList","itemListElement":[{"@type":"ListItem","position":1,"name":"\u017d\u00e1dn\u00e1 kola a p\u0159\u00e1tel\u00e9","item":"https:\/\/www.intkos.cz\/zadna-kola-a-pratele\/#breadcrumbitem"}]}]